{"id":4322,"date":"2026-04-20T17:57:33","date_gmt":"2026-04-20T15:57:33","guid":{"rendered":"https:\/\/www.dv-lanterna.hr\/?p=4322"},"modified":"2026-04-20T17:57:33","modified_gmt":"2026-04-20T15:57:33","slug":"javni-natjecaj-za-radno-mjesto-odgojitelj-ica-3-izvrsitelja-ica-na-neodredeno-vrijeme-s-punim-radnim-vremenom","status":"publish","type":"post","link":"https:\/\/www.dv-lanterna.hr\/index.php\/2026\/04\/20\/javni-natjecaj-za-radno-mjesto-odgojitelj-ica-3-izvrsitelja-ica-na-neodredeno-vrijeme-s-punim-radnim-vremenom\/","title":{"rendered":"JAVNI NATJE\u010cAJ za radno mjesto ODGOJITELJ\/ICA \u2013 3 izvr\u0161itelja\/ica na neodre\u0111eno vrijeme s punim radnim vremenom"},"content":{"rendered":"\n<p>Na temelju \u010dlanka 26. Zakona o pred\u0161kolskom odgoju i obrazovanju (\u201eNarodne novine\u201c, broj 10\/97, 107\/07, 94\/13, 98\/19, 57\/22, 101\/23 i 22\/26, u daljnjem tekstu: Zakon o pred\u0161kolskom odgoju i obrazovanju), \u010dlanka 44. Statuta Dje\u010djeg vrti\u0107a Lanterna i Odluke Upravnog vije\u0107a&nbsp; Dje\u010djeg vrti\u0107a Lanterna o raspisivanju javnog natje\u010daja za radno mjesto odgojitelja\/ica Dje\u010djeg vrti\u0107a Lanterna KLASA: 112-03\/26-01\/3 URBROJ: 2182-12-1-02\/26-1 od 17. travnja 2026. godine, Upravno vije\u0107e Dje\u010djeg vrti\u0107a Lanterna, raspisuje<\/p>\n\n\n\n<p class=\"has-text-align-center\"><strong>JAVNI NATJE\u010cAJ<\/strong><strong><\/strong><\/p>\n\n\n\n<p class=\"has-text-align-center\"><strong>za radno mjesto ODGOJITELJ\/ICA \u2013 3 izvr\u0161itelja\/ica na neodre\u0111eno vrijeme s punim radnim vremenom<\/strong><strong><\/strong><\/p>\n\n\n\n<div class=\"wp-block-file\"><a id=\"wp-block-file--media-093dfa39-a75b-4f1f-ae03-d0de5a690fde\" href=\"https:\/\/www.dv-lanterna.hr\/wp-content\/uploads\/2026\/04\/Natjecaj-odgojitelji-travanj-26.docx\">Natje\u010daj &#8211; odgojitelji travanj 26<\/a><a href=\"https:\/\/www.dv-lanterna.hr\/wp-content\/uploads\/2026\/04\/Natjecaj-odgojitelji-travanj-26.docx\" class=\"wp-block-file__button wp-element-button\" download aria-describedby=\"wp-block-file--media-093dfa39-a75b-4f1f-ae03-d0de5a690fde\">Preuzmi<\/a><\/div>\n","protected":false},"excerpt":{"rendered":"<p>Na temelju \u010dlanka 26. Zakona o pred\u0161kolskom odgoju i obrazovanju (\u201eNarodne novine\u201c, broj 10\/97, 107\/07, 94\/13, 98\/19, 57\/22, 101\/23 i 22\/26, u daljnjem tekstu: Zakon o pred\u0161kolskom odgoju i obrazovanju), \u010dlanka 44. Statuta Dje\u010djeg vrti\u0107a Lanterna i Odluke Upravnog vije\u0107a&nbsp; Dje\u010djeg vrti\u0107a Lanterna o raspisivanju javnog natje\u010daja za radno mjesto odgojitelja\/ica Dje\u010djeg vrti\u0107a Lanterna KLASA: [&hellip;]<\/p>\n","protected":false},"author":1,"featured_media":4268,"comment_status":"open","ping_status":"open","sticky":false,"template":"","format":"standard","meta":{"footnotes":""},"categories":[45],"tags":[],"class_list":["post-4322","post","type-post","status-publish","format-standard","has-post-thumbnail","hentry","category-novosti"],"_links":{"self":[{"href":"https:\/\/www.dv-lanterna.hr\/index.php\/wp-json\/wp\/v2\/posts\/4322","targetHints":{"allow":["GET"]}}],"collection":[{"href":"https:\/\/www.dv-lanterna.hr\/index.php\/wp-json\/wp\/v2\/posts"}],"about":[{"href":"https:\/\/www.dv-lanterna.hr\/index.php\/wp-json\/wp\/v2\/types\/post"}],"author":[{"embeddable":true,"href":"https:\/\/www.dv-lanterna.hr\/index.php\/wp-json\/wp\/v2\/users\/1"}],"replies":[{"embeddable":true,"href":"https:\/\/www.dv-lanterna.hr\/index.php\/wp-json\/wp\/v2\/comments?post=4322"}],"version-history":[{"count":1,"href":"https:\/\/www.dv-lanterna.hr\/index.php\/wp-json\/wp\/v2\/posts\/4322\/revisions"}],"predecessor-version":[{"id":4324,"href":"https:\/\/www.dv-lanterna.hr\/index.php\/wp-json\/wp\/v2\/posts\/4322\/revisions\/4324"}],"wp:featuredmedia":[{"embeddable":true,"href":"https:\/\/www.dv-lanterna.hr\/index.php\/wp-json\/wp\/v2\/media\/4268"}],"wp:attachment":[{"href":"https:\/\/www.dv-lanterna.hr\/index.php\/wp-json\/wp\/v2\/media?parent=4322"}],"wp:term":[{"taxonomy":"category","embeddable":true,"href":"https:\/\/www.dv-lanterna.hr\/index.php\/wp-json\/wp\/v2\/categories?post=4322"},{"taxonomy":"post_tag","embeddable":true,"href":"https:\/\/www.dv-lanterna.hr\/index.php\/wp-json\/wp\/v2\/tags?post=4322"}],"curies":[{"name":"wp","href":"https:\/\/api.w.org\/{rel}","templated":true}]}}